{"id":49,"date":"2016-06-17T00:26:24","date_gmt":"2016-06-16T22:26:24","guid":{"rendered":"http:\/\/vw-kern.at\/blog\/?p=49"},"modified":"2020-05-22T17:00:14","modified_gmt":"2020-05-22T15:00:14","slug":"neues-aus-der-visco-werkstatt-c02-visco","status":"publish","type":"post","link":"https:\/\/vw-kern.at\/blog\/2016\/06\/17\/neues-aus-der-visco-werkstatt-c02-visco\/","title":{"rendered":"Weiterentwicklung der Visco-Werkstatt: Co2-Visco"},"content":{"rendered":"<p>Nachdem die Visco nun dank dem Spezialventil nicht mehr den vorzeitigen Kindstod stirbt, haben wir uns \u00fcberlegt wie man die Visco noch besser machen kann. Und ganz klar, jetzt muss es darum gehen wie das Kind auch das Erwachsenenalter erreicht &#8211; also die Lebensdauer der Visco erh\u00f6ht wird.<\/p>\n<p><!--more--><\/p>\n<p>Denn das Silikon\u00f6l in der Visco Kupplung ist einem Alterungsprozess unterworfen. Schlecht sind hier vor allem dauerhaft hohe Temperaturen (unterschiedliche Reifenumf\u00e4nge, hohe Reisegeschwindigkeit usw..).<\/p>\n<p>Mit einem ZA\/AA kann man nat\u00fcrlich den Alterungsprozess mildern, indem man die Visco abschaltet und damit schont &#8211; aber HAT nicht jeder\/ MAG nicht jeder\/ GEHT nicht immer. Ich selbst habe z.B. vor kurzem einige Zeit im Ausland verbracht, in einer Region wo es praktisch jeden Tag einmal geregnet hat. Und wenn die Stra\u00dfe (Autobahn, Schnellstra\u00dfe) feucht und rutschig ist, dann fahr ich einfach Allrad- auch mit 110km\/h. Punkt.<\/p>\n<p>Den Alterungsprozess konnten wird durch Testfahrten bisweilen relativ gut dokumentieren. Dabei haben wir ein Setting gew\u00e4hlt dass einem Missbrauchtest sehr nahe kommt:<\/p>\n<ul>\n<li>2mm unterschiedlicher Reifenumfang<\/li>\n<li>maximale Reisegeschwindigkeit (110km\/h)<\/li>\n<li>Offroaden im Sand<\/li>\n<\/ul>\n<p>Als Ergebnis hat sich nach ca. 10tkm diese Alterung\/Verh\u00e4rtung eingestellt:<\/p>\n<p><a href=\"https:\/\/vw-kern.at\/blog\/wp-content\/uploads\/2016\/06\/BILD1.jpg\"><img loading=\"lazy\" class=\"alignnone wp-image-50\" src=\"https:\/\/vw-kern.at\/blog\/wp-content\/uploads\/2016\/06\/BILD1-1024x672.jpg\" alt=\"Alterung Visco-Kupplung nach 10tkm\" width=\"500\" height=\"328\" srcset=\"https:\/\/vw-kern.at\/blog\/wp-content\/uploads\/2016\/06\/BILD1-1024x672.jpg 1024w, https:\/\/vw-kern.at\/blog\/wp-content\/uploads\/2016\/06\/BILD1-300x197.jpg 300w, https:\/\/vw-kern.at\/blog\/wp-content\/uploads\/2016\/06\/BILD1-768x504.jpg 768w, https:\/\/vw-kern.at\/blog\/wp-content\/uploads\/2016\/06\/BILD1-750x492.jpg 750w, https:\/\/vw-kern.at\/blog\/wp-content\/uploads\/2016\/06\/BILD1-400x263.jpg 400w, https:\/\/vw-kern.at\/blog\/wp-content\/uploads\/2016\/06\/BILD1-430x282.jpg 430w, https:\/\/vw-kern.at\/blog\/wp-content\/uploads\/2016\/06\/BILD1-150x98.jpg 150w, https:\/\/vw-kern.at\/blog\/wp-content\/uploads\/2016\/06\/BILD1-100x66.jpg 100w, https:\/\/vw-kern.at\/blog\/wp-content\/uploads\/2016\/06\/BILD1.jpg 1197w\" sizes=\"(max-width: 500px) 100vw, 500px\" \/><\/a><\/p>\n<p>Man sieht deutlich die Viskosit\u00e4tszunahme und auch die Erh\u00f6hung der Humptemperatur (hellblaue Kurve). Deswegen sind unsere Kurven auch immer an die untere Toleranzkurve \/ Humptemperatur angelehnt um die Lebensdauer besser auszusch\u00f6pfen. Der Prozess verlangsamt sich zwar, aber nach 100-150 tkm sieht eine VC dann so aus:<\/p>\n<p><a href=\"https:\/\/vw-kern.at\/blog\/wp-content\/uploads\/2016\/06\/BILD2-2.jpg\"><img loading=\"lazy\" class=\"alignnone wp-image-53\" src=\"https:\/\/vw-kern.at\/blog\/wp-content\/uploads\/2016\/06\/BILD2-2-1024x666.jpg\" alt=\"VC 300tkm\" width=\"500\" height=\"325\" srcset=\"https:\/\/vw-kern.at\/blog\/wp-content\/uploads\/2016\/06\/BILD2-2-1024x666.jpg 1024w, https:\/\/vw-kern.at\/blog\/wp-content\/uploads\/2016\/06\/BILD2-2-300x195.jpg 300w, https:\/\/vw-kern.at\/blog\/wp-content\/uploads\/2016\/06\/BILD2-2-768x500.jpg 768w, https:\/\/vw-kern.at\/blog\/wp-content\/uploads\/2016\/06\/BILD2-2-750x488.jpg 750w, https:\/\/vw-kern.at\/blog\/wp-content\/uploads\/2016\/06\/BILD2-2-400x260.jpg 400w, https:\/\/vw-kern.at\/blog\/wp-content\/uploads\/2016\/06\/BILD2-2-430x280.jpg 430w, https:\/\/vw-kern.at\/blog\/wp-content\/uploads\/2016\/06\/BILD2-2-150x98.jpg 150w, https:\/\/vw-kern.at\/blog\/wp-content\/uploads\/2016\/06\/BILD2-2-100x65.jpg 100w, https:\/\/vw-kern.at\/blog\/wp-content\/uploads\/2016\/06\/BILD2-2.jpg 1214w\" sizes=\"(max-width: 500px) 100vw, 500px\" \/><\/a><\/p>\n<p>Man muss aber auch sagen dass so eine \u201egereifte\u201c Visco noch problemlos ihren Dienst tut (kein Verspannen nach der Autobahn, keine Bockspr\u00fcnge beim Abbiegen usw. \u2013 diese Probleme kommen ausschlie\u00dflich vom \u00d6lsaugen), aber den Syncro damit in eine Parkl\u00fccke zu rangieren ist schon sehr m\u00fchsam ohne ZA\/AA. Die Viskosit\u00e4t des derat gealterten Silkon\u00f6ls in der VC w\u00fcrde ca. 60.000 entsprechen.<\/p>\n<h3>Idee zur Verbesserung:<\/h3>\n<p>Jedenfalls haben wir die letzten Monate recherchiert ob, und wie man diese schleichende Viskosit\u00e4tszunahme verhindern\/verlangsamen kann. Erste Hinweise liefert dazu bereits die bekannte Dissertation von Peschke indem er schreibt, dass \u201einerte Gase\u201c statt einer F\u00fcllung mit Luft eine Oxidation (=Eindickung) verhindern k\u00f6nnen. Zwar sei bei der Anwesenheit von inerten Gasen sogar eine Viskosit\u00e4tsabnahme beobachtet worden, das aber nur bei sehr hohen (400-500\u00b0C) Temperaturen.<\/p>\n<p><a href=\"https:\/\/vw-kern.at\/blog\/wp-content\/uploads\/2016\/06\/Peschke_27.jpg\"><img loading=\"lazy\" class=\"alignnone wp-image-54\" src=\"https:\/\/vw-kern.at\/blog\/wp-content\/uploads\/2016\/06\/Peschke_27.jpg\" alt=\"Peschke_27\" width=\"400\" height=\"366\" srcset=\"https:\/\/vw-kern.at\/blog\/wp-content\/uploads\/2016\/06\/Peschke_27.jpg 802w, https:\/\/vw-kern.at\/blog\/wp-content\/uploads\/2016\/06\/Peschke_27-300x275.jpg 300w, https:\/\/vw-kern.at\/blog\/wp-content\/uploads\/2016\/06\/Peschke_27-768x703.jpg 768w, https:\/\/vw-kern.at\/blog\/wp-content\/uploads\/2016\/06\/Peschke_27-750x686.jpg 750w, https:\/\/vw-kern.at\/blog\/wp-content\/uploads\/2016\/06\/Peschke_27-400x366.jpg 400w, https:\/\/vw-kern.at\/blog\/wp-content\/uploads\/2016\/06\/Peschke_27-430x394.jpg 430w, https:\/\/vw-kern.at\/blog\/wp-content\/uploads\/2016\/06\/Peschke_27-150x137.jpg 150w, https:\/\/vw-kern.at\/blog\/wp-content\/uploads\/2016\/06\/Peschke_27-100x92.jpg 100w\" sizes=\"(max-width: 400px) 100vw, 400px\" \/><\/a><\/p>\n<p>Und auch der Silikon-\u00d6l Hersteller Wacker schreibt in seiner Informations-Brosch\u00fcre, dass durch \u201einerte Gase\u201c die Temperaturbest\u00e4ndigkeit des Silikon\u00f6ls gesteigert werden kann.<\/p>\n<p><a href=\"https:\/\/vw-kern.at\/blog\/wp-content\/uploads\/2016\/06\/Wacker_AK_inert.jpg\"><img loading=\"lazy\" class=\"alignnone wp-image-55\" src=\"https:\/\/vw-kern.at\/blog\/wp-content\/uploads\/2016\/06\/Wacker_AK_inert.jpg\" alt=\"Wacker_AK_inert\" width=\"411\" height=\"289\" srcset=\"https:\/\/vw-kern.at\/blog\/wp-content\/uploads\/2016\/06\/Wacker_AK_inert.jpg 633w, https:\/\/vw-kern.at\/blog\/wp-content\/uploads\/2016\/06\/Wacker_AK_inert-300x211.jpg 300w, https:\/\/vw-kern.at\/blog\/wp-content\/uploads\/2016\/06\/Wacker_AK_inert-400x281.jpg 400w, https:\/\/vw-kern.at\/blog\/wp-content\/uploads\/2016\/06\/Wacker_AK_inert-430x302.jpg 430w, https:\/\/vw-kern.at\/blog\/wp-content\/uploads\/2016\/06\/Wacker_AK_inert-150x105.jpg 150w, https:\/\/vw-kern.at\/blog\/wp-content\/uploads\/2016\/06\/Wacker_AK_inert-100x70.jpg 100w\" sizes=\"(max-width: 411px) 100vw, 411px\" \/><\/a><\/p>\n<h3><\/h3>\n<h3>Praktische Umsetzung<\/h3>\n<p>Die Sto\u00dfrichtung ist somit klar \u2013 der Luft-Sauerstoff muss aus der Visco raus und inerte Gase (Co2, Stickstoff) m\u00fcssen rein. Deswegen haben wir ein Labor-Set f\u00fcr Vakuum-Versuche angeschafft um erstmal die gel\u00f6ste Luft aus dem Silikon\u00f6l zu bekommen. Ein kurzes <a href=\"https:\/\/youtu.be\/8Yg493LwrmE\" target=\"_blank\" rel=\"noopener noreferrer\">Video<\/a> von diesem Versuch haben wir bereits an anderer Stelle gepostet. Sehr erstaunlich wieviel Luft das honigartige Silikon\u00f6l l\u00f6sen kann \u2013 rein rechnerisch macht die gel\u00f6ste Luft im Silikon\u00f6l mehr aus, als das freie (Luft-) Volumen (ca 30cm\u00b3) in der Visco-Kupplung.<\/p>\n<p><a href=\"https:\/\/vw-kern.at\/blog\/wp-content\/uploads\/2016\/06\/20151110_121952.jpg\"><img loading=\"lazy\" class=\"alignleft wp-image-56\" src=\"https:\/\/vw-kern.at\/blog\/wp-content\/uploads\/2016\/06\/20151110_121942-300x180.jpg\" alt=\"20151110_121942\" width=\"400\" height=\"240\" srcset=\"https:\/\/vw-kern.at\/blog\/wp-content\/uploads\/2016\/06\/20151110_121942-300x180.jpg 300w, https:\/\/vw-kern.at\/blog\/wp-content\/uploads\/2016\/06\/20151110_121942-768x461.jpg 768w, https:\/\/vw-kern.at\/blog\/wp-content\/uploads\/2016\/06\/20151110_121942-1024x615.jpg 1024w, https:\/\/vw-kern.at\/blog\/wp-content\/uploads\/2016\/06\/20151110_121942-750x450.jpg 750w, https:\/\/vw-kern.at\/blog\/wp-content\/uploads\/2016\/06\/20151110_121942-400x240.jpg 400w, https:\/\/vw-kern.at\/blog\/wp-content\/uploads\/2016\/06\/20151110_121942-430x258.jpg 430w, https:\/\/vw-kern.at\/blog\/wp-content\/uploads\/2016\/06\/20151110_121942-150x90.jpg 150w, https:\/\/vw-kern.at\/blog\/wp-content\/uploads\/2016\/06\/20151110_121942-100x60.jpg 100w, https:\/\/vw-kern.at\/blog\/wp-content\/uploads\/2016\/06\/20151110_121942.jpg 1408w\" sizes=\"(max-width: 400px) 100vw, 400px\" \/><img loading=\"lazy\" class=\"wp-image-57 size-medium alignnone\" src=\"https:\/\/vw-kern.at\/blog\/wp-content\/uploads\/2016\/06\/20151110_121952-180x300.jpg\" alt=\"20151110_121952\" width=\"180\" height=\"300\" srcset=\"https:\/\/vw-kern.at\/blog\/wp-content\/uploads\/2016\/06\/20151110_121952-180x300.jpg 180w, https:\/\/vw-kern.at\/blog\/wp-content\/uploads\/2016\/06\/20151110_121952-768x1280.jpg 768w, https:\/\/vw-kern.at\/blog\/wp-content\/uploads\/2016\/06\/20151110_121952-615x1024.jpg 615w, https:\/\/vw-kern.at\/blog\/wp-content\/uploads\/2016\/06\/20151110_121952-750x1250.jpg 750w, https:\/\/vw-kern.at\/blog\/wp-content\/uploads\/2016\/06\/20151110_121952-400x667.jpg 400w, https:\/\/vw-kern.at\/blog\/wp-content\/uploads\/2016\/06\/20151110_121952-430x716.jpg 430w, https:\/\/vw-kern.at\/blog\/wp-content\/uploads\/2016\/06\/20151110_121952-150x250.jpg 150w, https:\/\/vw-kern.at\/blog\/wp-content\/uploads\/2016\/06\/20151110_121952-100x167.jpg 100w, https:\/\/vw-kern.at\/blog\/wp-content\/uploads\/2016\/06\/20151110_121952.jpg 845w\" sizes=\"(max-width: 180px) 100vw, 180px\" \/><\/a><\/p>\n<p>Das Entgasen ist leider eine sehr langwierige Angelegenheit und dauert (\u00fcber mehrere Etappen) an die 48 Stunden! \u2013 Sonst l\u00f6sen sich immer wieder Gasblasen die bei der letzte Etappe zu Problemen (Auswurf) f\u00fchren. Als inertes Gas haben wir wegen der einfacheren Verf\u00fcgbarkeit vorerst Co2 gew\u00e4hlt.<\/p>\n<p>Bei Dauerl\u00e4ufen am Pr\u00fcfstand hat sich bereits gezeigt, dass die C02-Viscos den Luft-Viscos punkto Alterung wesentlich \u00fcberlegen sind \u2013 trotzdem wollten wir noch den realen Test \u00fcber 10tkm (gleiche Rahmenbedingungen) abwarten.<\/p>\n<p><a href=\"https:\/\/vw-kern.at\/blog\/wp-content\/uploads\/2016\/06\/20160313_191354.jpg\"><img loading=\"lazy\" class=\"alignnone wp-image-61\" src=\"https:\/\/vw-kern.at\/blog\/wp-content\/uploads\/2016\/06\/20160313_191354-1024x614.jpg\" alt=\"20160313_191354\" width=\"512\" height=\"307\" srcset=\"https:\/\/vw-kern.at\/blog\/wp-content\/uploads\/2016\/06\/20160313_191354-1024x614.jpg 1024w, https:\/\/vw-kern.at\/blog\/wp-content\/uploads\/2016\/06\/20160313_191354-300x180.jpg 300w, https:\/\/vw-kern.at\/blog\/wp-content\/uploads\/2016\/06\/20160313_191354-768x461.jpg 768w, https:\/\/vw-kern.at\/blog\/wp-content\/uploads\/2016\/06\/20160313_191354-750x450.jpg 750w, https:\/\/vw-kern.at\/blog\/wp-content\/uploads\/2016\/06\/20160313_191354-400x240.jpg 400w, https:\/\/vw-kern.at\/blog\/wp-content\/uploads\/2016\/06\/20160313_191354-430x258.jpg 430w, https:\/\/vw-kern.at\/blog\/wp-content\/uploads\/2016\/06\/20160313_191354-150x90.jpg 150w, https:\/\/vw-kern.at\/blog\/wp-content\/uploads\/2016\/06\/20160313_191354-100x60.jpg 100w\" sizes=\"(max-width: 512px) 100vw, 512px\" \/><\/a><\/p>\n<p>Nach dem Ausbau der Visco wurde diese dann unverz\u00fcglich getest:<\/p>\n<p><a href=\"https:\/\/vw-kern.at\/blog\/wp-content\/uploads\/2016\/06\/BILD-NEU.jpg\"><img loading=\"lazy\" class=\"alignnone wp-image-58\" src=\"https:\/\/vw-kern.at\/blog\/wp-content\/uploads\/2016\/06\/BILD-NEU-1024x654.jpg\" alt=\"BILD-NEU\" width=\"512\" height=\"327\" srcset=\"https:\/\/vw-kern.at\/blog\/wp-content\/uploads\/2016\/06\/BILD-NEU-1024x654.jpg 1024w, https:\/\/vw-kern.at\/blog\/wp-content\/uploads\/2016\/06\/BILD-NEU-300x192.jpg 300w, https:\/\/vw-kern.at\/blog\/wp-content\/uploads\/2016\/06\/BILD-NEU-768x491.jpg 768w, https:\/\/vw-kern.at\/blog\/wp-content\/uploads\/2016\/06\/BILD-NEU-750x479.jpg 750w, https:\/\/vw-kern.at\/blog\/wp-content\/uploads\/2016\/06\/BILD-NEU-400x256.jpg 400w, https:\/\/vw-kern.at\/blog\/wp-content\/uploads\/2016\/06\/BILD-NEU-430x275.jpg 430w, https:\/\/vw-kern.at\/blog\/wp-content\/uploads\/2016\/06\/BILD-NEU-150x96.jpg 150w, https:\/\/vw-kern.at\/blog\/wp-content\/uploads\/2016\/06\/BILD-NEU-100x64.jpg 100w, https:\/\/vw-kern.at\/blog\/wp-content\/uploads\/2016\/06\/BILD-NEU.jpg 1210w\" sizes=\"(max-width: 512px) 100vw, 512px\" \/><\/a><\/p>\n<p><strong>RES\u00dcME:<\/strong> Wie man sieht \u2013 kein Vergleich zu herk\u00f6mmlich Luft-Visco. Der Alterungsprozess ist durch die Co2-F\u00fcllung nach 10tkm praktisch nicht erkennbar \u2013 und das bei st\u00e4ndiger Differenzdrehzahl durch die ungleich abgefahrenen Reifen! Seitdem wird jede Visco-Kupplung bei uns standardm\u00e4\u00dfig mit Inert-Gas bef\u00fcllt.<\/p>\n<p><strong>UPDATE 2020:<\/strong><\/p>\n<p>Ein Syncro-Fahrer aus dem gebirgigen Vorarlberg hat unsere Co2-Visco einem Langzeittest von 2016- 2020 unterzogen.<\/p>\n<p>Wir wurden damals im Sommer 2016 kontaktiert, nachdem der Syncro-Fahrer leider eine defekte Visco nach nur 10tkm mit einem Konkurrenzprodukt zu beklagen hatte. Eigentlich war zun\u00e4chst gew\u00fcnscht, dass wir nur die Rolle eines Gutachters einnehmen, denn der Landsmann hatte den Glauben an das Prinzip der Visco-Kupplung verloren und dachte daran den Syncro auf einen ZA umzur\u00fcsten.<\/p>\n<p>Wir konnten ihn aber davon \u00fcberzeugen es noch einmal mit unserer verbesserten Co2-Visco zu probieren.<\/p>\n<figure id=\"attachment_442\" aria-describedby=\"caption-attachment-442\" style=\"width: 550px\" class=\"wp-caption alignnone\"><a href=\"http:\/\/vw-kern.at\/blog\/wp-content\/uploads\/2016\/06\/polen_small.jpg\" target=\"_blank\" rel=\"noopener noreferrer\"><img loading=\"lazy\" class=\"wp-image-442\" src=\"http:\/\/vw-kern.at\/blog\/wp-content\/uploads\/2016\/06\/polen_small-300x225.jpg\" alt=\"\" width=\"550\" height=\"412\" srcset=\"https:\/\/vw-kern.at\/blog\/wp-content\/uploads\/2016\/06\/polen_small-300x225.jpg 300w, https:\/\/vw-kern.at\/blog\/wp-content\/uploads\/2016\/06\/polen_small-768x576.jpg 768w, https:\/\/vw-kern.at\/blog\/wp-content\/uploads\/2016\/06\/polen_small-750x562.jpg 750w, https:\/\/vw-kern.at\/blog\/wp-content\/uploads\/2016\/06\/polen_small-400x300.jpg 400w, https:\/\/vw-kern.at\/blog\/wp-content\/uploads\/2016\/06\/polen_small-430x322.jpg 430w, https:\/\/vw-kern.at\/blog\/wp-content\/uploads\/2016\/06\/polen_small-150x112.jpg 150w, https:\/\/vw-kern.at\/blog\/wp-content\/uploads\/2016\/06\/polen_small-100x75.jpg 100w, https:\/\/vw-kern.at\/blog\/wp-content\/uploads\/2016\/06\/polen_small.jpg 794w\" sizes=\"(max-width: 550px) 100vw, 550px\" \/><\/a><figcaption id=\"caption-attachment-442\" class=\"wp-caption-text\">T3 Syncro &#8211; Hohe Tatra<\/figcaption><\/figure>\n<p>Jetzt, nachdem unsere Visco-Kupplung in den 3,5 Jahren Korsika, Ligurien, die Hohe Tatra und die Ostsee unter den R\u00e4dern hatte, haben wir die Visco erneut am Pr\u00fcfstand vermessen.<\/p>\n<figure id=\"attachment_443\" aria-describedby=\"caption-attachment-443\" style=\"width: 512px\" class=\"wp-caption alignnone\"><a href=\"http:\/\/vw-kern.at\/blog\/wp-content\/uploads\/2016\/06\/VC3023_2016-2020.png\" target=\"_blank\" rel=\"noopener noreferrer\"><img loading=\"lazy\" class=\"wp-image-443\" src=\"http:\/\/vw-kern.at\/blog\/wp-content\/uploads\/2016\/06\/VC3023_2016-2020-300x193.png\" alt=\"\" width=\"512\" height=\"329\" srcset=\"https:\/\/vw-kern.at\/blog\/wp-content\/uploads\/2016\/06\/VC3023_2016-2020-300x193.png 300w, https:\/\/vw-kern.at\/blog\/wp-content\/uploads\/2016\/06\/VC3023_2016-2020-768x493.png 768w, https:\/\/vw-kern.at\/blog\/wp-content\/uploads\/2016\/06\/VC3023_2016-2020-750x481.png 750w, https:\/\/vw-kern.at\/blog\/wp-content\/uploads\/2016\/06\/VC3023_2016-2020-400x257.png 400w, https:\/\/vw-kern.at\/blog\/wp-content\/uploads\/2016\/06\/VC3023_2016-2020-430x276.png 430w, https:\/\/vw-kern.at\/blog\/wp-content\/uploads\/2016\/06\/VC3023_2016-2020-150x96.png 150w, https:\/\/vw-kern.at\/blog\/wp-content\/uploads\/2016\/06\/VC3023_2016-2020-100x64.png 100w, https:\/\/vw-kern.at\/blog\/wp-content\/uploads\/2016\/06\/VC3023_2016-2020.png 921w\" sizes=\"(max-width: 512px) 100vw, 512px\" \/><\/a><figcaption id=\"caption-attachment-443\" class=\"wp-caption-text\">2016 (lila) \/ 2020 (blau)<\/figcaption><\/figure>\n<p>Beim Kilometerstand von 18.600 konnten wir praktisch keinerlei Verschlei\u00df messen!<\/p>\n<p>Dabei bemerkte der Syncro-Fahrer noch nebenbei das Reifendr\u00fccke und Profiltiefen vielfach nicht gepasst h\u00e4tten. Somit best\u00e4tigt sich das Ergebnis von 2016 bei dem die 10tkm damals innerhalb eines Jahres abgespult wurden.<\/p>\n","protected":false},"excerpt":{"rendered":"<p>Nachdem die Visco nun dank dem Spezialventil nicht mehr den vorzeitigen Kindstod stirbt, haben wir uns \u00fcberlegt wie man die Visco noch besser machen kann. Und ganz klar, jetzt muss [&hellip;]<\/p>\n","protected":false},"author":1,"featured_media":0,"comment_status":"closed","ping_status":"open","sticky":false,"template":"","format":"standard","meta":[],"categories":[7,4],"tags":[],"translation":{"provider":"WPGlobus","version":"2.8.8","language":"de","enabled_languages":["de","en"],"languages":{"de":{"title":true,"content":true,"excerpt":false},"en":{"title":true,"content":true,"excerpt":false}}},"_links":{"self":[{"href":"https:\/\/vw-kern.at\/blog\/wp-json\/wp\/v2\/posts\/49"}],"collection":[{"href":"https:\/\/vw-kern.at\/blog\/wp-json\/wp\/v2\/posts"}],"about":[{"href":"https:\/\/vw-kern.at\/blog\/wp-json\/wp\/v2\/types\/post"}],"author":[{"embeddable":true,"href":"https:\/\/vw-kern.at\/blog\/wp-json\/wp\/v2\/users\/1"}],"replies":[{"embeddable":true,"href":"https:\/\/vw-kern.at\/blog\/wp-json\/wp\/v2\/comments?post=49"}],"version-history":[{"count":25,"href":"https:\/\/vw-kern.at\/blog\/wp-json\/wp\/v2\/posts\/49\/revisions"}],"predecessor-version":[{"id":478,"href":"https:\/\/vw-kern.at\/blog\/wp-json\/wp\/v2\/posts\/49\/revisions\/478"}],"wp:attachment":[{"href":"https:\/\/vw-kern.at\/blog\/wp-json\/wp\/v2\/media?parent=49"}],"wp:term":[{"taxonomy":"category","embeddable":true,"href":"https:\/\/vw-kern.at\/blog\/wp-json\/wp\/v2\/categories?post=49"},{"taxonomy":"post_tag","embeddable":true,"href":"https:\/\/vw-kern.at\/blog\/wp-json\/wp\/v2\/tags?post=49"}],"curies":[{"name":"wp","href":"https:\/\/api.w.org\/{rel}","templated":true}]}}